{"id":9895,"date":"2020-05-01T07:28:00","date_gmt":"2020-05-01T10:28:00","guid":{"rendered":"http:\/\/blogopara.com.br\/?p=9895"},"modified":"2020-04-30T20:25:26","modified_gmt":"2020-04-30T23:25:26","slug":"juazeiro-reuniao-de-liderancas-indica-que-a-oposicao-vai-unificar","status":"publish","type":"post","link":"https:\/\/blogopara.com.br\/index.php\/2020\/05\/01\/juazeiro-reuniao-de-liderancas-indica-que-a-oposicao-vai-unificar","title":{"rendered":"Juazeiro: Reuni\u00e3o de lideran\u00e7as indica que a oposi\u00e7\u00e3o vai unificar"},"content":{"rendered":"<p style=\"text-align: justify;\">Aconteceu uma reuni\u00e3o na ter\u00e7a-feira (28) muito importante para o processo democr\u00e1tico e eleitoral de Juazeiro para as elei\u00e7\u00f5es de 2020.<\/p>\n<p style=\"text-align: justify;\">Um conjunto de cidad\u00e3os juazeirenses, que atuam em diversos segmentos se juntaram para discutir um plano de a\u00e7\u00e3o e a unifica\u00e7\u00e3o da oposi\u00e7\u00e3o na cidade. V\u00e1rios nomes est\u00e3o sendo cogitados, mas apenas um ser\u00e1 posto para concorrer \u00e0 elei\u00e7\u00e3o municipal de 2020.<\/p>\n<p style=\"text-align: justify;\">Estiveram reunidos o presidente do Partido Verde (PV), Jo\u00e3o Vitor, os filiados da sigla M\u00e1rio Esp\u00ednola, Carlos Neiva, Ant\u00f4nio Lewis (conhecido como Cuscuz), Waldemar Borges e o vereador Allan Jones (PSDB) que chegou para somar ao grupo. Wank Medrado e Ronildo da Melancia n\u00e3o estavam presentes no encontro, mas chancelam a unidade oposicionista.<\/p>\n<p style=\"text-align: justify;\">O processo eleitoral come\u00e7ou e as movimenta\u00e7\u00f5es no \u201ctabuleiro\u201d pol\u00edtico est\u00e3o sob avalia\u00e7\u00e3o popular. O que se comenta nos quatro cantos da cidade, \u00e9 que a rejei\u00e7\u00e3o do atual prefeito e do seu grupo \u00e9 alt\u00edssima, o povo cansou de perder e quer comandar o seu destino. A hora para tomarmos as decis\u00f5es que podem mudar o rumo de Juazeiro para melhor chegou!<\/p>\n<p style=\"text-align: justify;\">A uni\u00e3o da oposi\u00e7\u00e3o \u00e9 um anseio da popula\u00e7\u00e3o. A equipe est\u00e1 dialogando e buscando mais nomes para formar um alinhamento pol\u00edtico com o objetivo de unificar a oposi\u00e7\u00e3o da cidade. Construir\u00e3o juntos projetos para o futuro de Juazeiro, visto que o munic\u00edpio vive uma administra\u00e7\u00e3o personalista que governa com olhos voltados a um pequeno grupo pol\u00edtico.<\/p>\n<p style=\"text-align: justify;\">As pe\u00e7as no \u201ctabuleiro\u201d come\u00e7am a se mexer e a unidade ser\u00e1 a dire\u00e7\u00e3o do grupo. O objetivo agora \u00e9 avan\u00e7ar no di\u00e1logo para a constru\u00e7\u00e3o de um novo projeto pol\u00edtico e administrativo para Juazeiro.<\/p>\n<pre>Ascom PV<\/pre>\n","protected":false},"excerpt":{"rendered":"<p>Aconteceu uma reuni\u00e3o na ter\u00e7a-feira (28) muito importante para o processo democr\u00e1tico e eleitoral de Juazeiro para as elei\u00e7\u00f5es de 2020. Um conjunto de cidad\u00e3os juazeirenses, que atuam em diversos segmentos se juntaram para discutir um plano de a\u00e7\u00e3o e a unifica\u00e7\u00e3o da oposi\u00e7\u00e3o na cidade. V\u00e1rios nomes est\u00e3o sendo cogitados, mas apenas um ser\u00e1 [&hellip;]<\/p>\n","protected":false},"author":1,"featured_media":9897,"comment_status":"open","ping_status":"open","sticky":false,"template":"","format":"standard","meta":{"_uag_custom_page_level_css":"","_monsterinsights_skip_tracking":false,"_monsterinsights_sitenote_active":false,"_monsterinsights_sitenote_note":"","_monsterinsights_sitenote_category":0,"jetpack_post_was_ever_published":false,"_jetpack_newsletter_access":"","_jetpack_dont_email_post_to_subs":false,"_jetpack_newsletter_tier_id":0,"_jetpack_memberships_contains_paywalled_content":false,"_jetpack_memberships_contains_paid_content":false,"footnotes":"","jetpack_publicize_message":"","jetpack_publicize_feature_enabled":true,"jetpack_social_post_already_shared":true,"jetpack_social_options":{"image_generator_settings":{"template":"highway","default_image_id":0,"font":"","enabled":false},"version":2}},"categories":[203,197],"tags":[],"class_list":["post-9895","post","type-post","status-publish","format-standard","has-post-thumbnail","hentry","category-juazeiro","category-politica"],"jetpack_publicize_connections":[],"jetpack_featured_media_url":"https:\/\/blogopara.com.br\/wp-content\/uploads\/2020\/04\/WhatsApp-Image-2020-04-28-at-21.51.41.jpeg","uagb_featured_image_src":{"full":["https:\/\/blogopara.com.br\/wp-content\/uploads\/2020\/04\/WhatsApp-Image-2020-04-28-at-21.51.41.jpeg",400,300,false],"thumbnail":["https:\/\/blogopara.com.br\/wp-content\/uploads\/2020\/04\/WhatsApp-Image-2020-04-28-at-21.51.41-150x150.jpeg",150,150,true],"medium":["https:\/\/blogopara.com.br\/wp-content\/uploads\/2020\/04\/WhatsApp-Image-2020-04-28-at-21.51.41-300x225.jpeg",300,225,true],"medium_large":["https:\/\/blogopara.com.br\/wp-content\/uploads\/2020\/04\/WhatsApp-Image-2020-04-28-at-21.51.41.jpeg",400,300,false],"large":["https:\/\/blogopara.com.br\/wp-content\/uploads\/2020\/04\/WhatsApp-Image-2020-04-28-at-21.51.41.jpeg",400,300,false],"1536x1536":["https:\/\/blogopara.com.br\/wp-content\/uploads\/2020\/04\/WhatsApp-Image-2020-04-28-at-21.51.41.jpeg",400,300,false],"2048x2048":["https:\/\/blogopara.com.br\/wp-content\/uploads\/2020\/04\/WhatsApp-Image-2020-04-28-at-21.51.41.jpeg",400,300,false],"mantranews-slider-large":["https:\/\/blogopara.com.br\/wp-content\/uploads\/2020\/04\/WhatsApp-Image-2020-04-28-at-21.51.41.jpeg",400,300,false],"mantranews-featured-medium":["https:\/\/blogopara.com.br\/wp-content\/uploads\/2020\/04\/WhatsApp-Image-2020-04-28-at-21.51.41.jpeg",400,300,false],"mantranews-featured-long":["https:\/\/blogopara.com.br\/wp-content\/uploads\/2020\/04\/WhatsApp-Image-2020-04-28-at-21.51.41-300x300.jpeg",300,300,true],"mantranews-block-medium":["https:\/\/blogopara.com.br\/wp-content\/uploads\/2020\/04\/WhatsApp-Image-2020-04-28-at-21.51.41-400x290.jpeg",400,290,true],"mantranews-carousel-image":["https:\/\/blogopara.com.br\/wp-content\/uploads\/2020\/04\/WhatsApp-Image-2020-04-28-at-21.51.41.jpeg",400,300,false],"mantranews-block-thumb":["https:\/\/blogopara.com.br\/wp-content\/uploads\/2020\/04\/WhatsApp-Image-2020-04-28-at-21.51.41-322x230.jpeg",322,230,true],"mantranews-single-large":["https:\/\/blogopara.com.br\/wp-content\/uploads\/2020\/04\/WhatsApp-Image-2020-04-28-at-21.51.41.jpeg",400,300,false]},"uagb_author_info":{"display_name":"Reda\u00e7\u00e3o geral","author_link":"https:\/\/blogopara.com.br\/index.php\/author\/blogopara"},"uagb_comment_info":0,"uagb_excerpt":"Aconteceu uma reuni\u00e3o na ter\u00e7a-feira (28) muito importante para o processo democr\u00e1tico e eleitoral de Juazeiro para as elei\u00e7\u00f5es de 2020. Um conjunto de cidad\u00e3os juazeirenses, que atuam em diversos segmentos se juntaram para discutir um plano de a\u00e7\u00e3o e a unifica\u00e7\u00e3o da oposi\u00e7\u00e3o na cidade. V\u00e1rios nomes est\u00e3o sendo cogitados, mas apenas um ser\u00e1&hellip;","jetpack_sharing_enabled":true,"jetpack_likes_enabled":true,"_links":{"self":[{"href":"https:\/\/blogopara.com.br\/index.php\/wp-json\/wp\/v2\/posts\/9895","targetHints":{"allow":["GET"]}}],"collection":[{"href":"https:\/\/blogopara.com.br\/index.php\/wp-json\/wp\/v2\/posts"}],"about":[{"href":"https:\/\/blogopara.com.br\/index.php\/wp-json\/wp\/v2\/types\/post"}],"author":[{"embeddable":true,"href":"https:\/\/blogopara.com.br\/index.php\/wp-json\/wp\/v2\/users\/1"}],"replies":[{"embeddable":true,"href":"https:\/\/blogopara.com.br\/index.php\/wp-json\/wp\/v2\/comments?post=9895"}],"version-history":[{"count":5,"href":"https:\/\/blogopara.com.br\/index.php\/wp-json\/wp\/v2\/posts\/9895\/revisions"}],"predecessor-version":[{"id":9914,"href":"https:\/\/blogopara.com.br\/index.php\/wp-json\/wp\/v2\/posts\/9895\/revisions\/9914"}],"wp:featuredmedia":[{"embeddable":true,"href":"https:\/\/blogopara.com.br\/index.php\/wp-json\/wp\/v2\/media\/9897"}],"wp:attachment":[{"href":"https:\/\/blogopara.com.br\/index.php\/wp-json\/wp\/v2\/media?parent=9895"}],"wp:term":[{"taxonomy":"category","embeddable":true,"href":"https:\/\/blogopara.com.br\/index.php\/wp-json\/wp\/v2\/categories?post=9895"},{"taxonomy":"post_tag","embeddable":true,"href":"https:\/\/blogopara.com.br\/index.php\/wp-json\/wp\/v2\/tags?post=9895"}],"curies":[{"name":"wp","href":"https:\/\/api.w.org\/{rel}","templated":true}]}}