{"id":9909,"date":"2020-04-30T18:43:34","date_gmt":"2020-04-30T21:43:34","guid":{"rendered":"http:\/\/blogopara.com.br\/?p=9909"},"modified":"2020-04-30T18:43:40","modified_gmt":"2020-04-30T21:43:40","slug":"aprovados-em-concurso-publico-prefeitura-de-juazeiro-sao-convocados","status":"publish","type":"post","link":"https:\/\/blogopara.com.br\/index.php\/2020\/04\/30\/aprovados-em-concurso-publico-prefeitura-de-juazeiro-sao-convocados","title":{"rendered":"Aprovados em concurso p\u00fablico Prefeitura de Juazeiro s\u00e3o convocados"},"content":{"rendered":"<p style=\"text-align: justify;\">A Secretaria de Gest\u00e3o de Pessoas de Juazeiro (SEGESP) divulgou no Di\u00e1rio Oficial desta quinta-feira (30\/04), o d\u00e9cimo quarto e o d\u00e9cimo quinto editais de convoca\u00e7\u00e3o do Concurso P\u00fablico n\u00ba 001\/2016, realizado pela Administra\u00e7\u00e3o Municipal para o provimento de cargos efetivos.<\/p>\n<p style=\"text-align: justify;\">Os editais convocam candidatos para os cargos de Psic\u00f3logo, Auxiliar T\u00e9cnico Administrativo, Auxiliar T\u00e9cnico de Pessoal, Fiscal de Obras, Fiscal de Postura e Engenheiro Civil.<\/p>\n<p style=\"text-align: justify;\">Os candidatos devem entregar a documenta\u00e7\u00e3o solicitada, bem como os exames m\u00e9dicos previstos no edital, no audit\u00f3rio da Secretaria de Gest\u00e3o de Pessoas, localizado \u00e0 Rua 15 de Julho, n\u00b0 32 \u2013 Centro, impreterivelmente, no dia e hor\u00e1rio definidos no edital. Mais informa\u00e7\u00f5es atrav\u00e9s do telefone (74) 3612-3678.<\/p>\n<p style=\"text-align: justify;\"><a href=\"https:\/\/www.redegn.com.br\/ckfinder\/userfiles\/files\/EDITAL%2014%C2%AA%20CONVOCA%C3%87%C3%83O.pdf\" target=\"_blank\" rel=\"noopener noreferrer\">EDITAL 14\u00aa CONVOCA\u00c7\u00c3O<\/a><\/p>\n<p style=\"text-align: justify;\"><a href=\"https:\/\/www.redegn.com.br\/ckfinder\/userfiles\/files\/EDITAL%2015%C2%AA%20CONVOCA%C3%87%C3%83O.pdf\" target=\"_blank\" rel=\"noopener noreferrer\">EDITAL 15\u00aa CONVOCA\u00c7\u00c3O<\/a><\/p>\n<p style=\"text-align: justify;\"><a href=\"https:\/\/www.redegn.com.br\/ckfinder\/userfiles\/files\/DECRETO%2014%C2%AA%20NOMEA%C3%87%C3%83O.pdf\" target=\"_blank\" rel=\"noopener noreferrer\">DECRETO 14\u00aa NOMEA\u00c7\u00c3O<\/a><\/p>\n<p style=\"text-align: justify;\"><a href=\"https:\/\/www.redegn.com.br\/ckfinder\/userfiles\/files\/DECRETO%2015%C2%AA%20NOMEA%C3%87%C3%83O.pdf\" target=\"_blank\" rel=\"noopener noreferrer\">DECRETO 15\u00aa NOMEA\u00c7\u00c3O<\/a><\/p>\n","protected":false},"excerpt":{"rendered":"<p>A Secretaria de Gest\u00e3o de Pessoas de Juazeiro (SEGESP) divulgou no Di\u00e1rio Oficial desta quinta-feira (30\/04), o d\u00e9cimo quarto e o d\u00e9cimo quinto editais de convoca\u00e7\u00e3o do Concurso P\u00fablico n\u00ba 001\/2016, realizado pela Administra\u00e7\u00e3o Municipal para o provimento de cargos efetivos. Os editais convocam candidatos para os cargos de Psic\u00f3logo, Auxiliar T\u00e9cnico Administrativo, Auxiliar T\u00e9cnico [&hellip;]<\/p>\n","protected":false},"author":1,"featured_media":797,"comment_status":"open","ping_status":"open","sticky":false,"template":"","format":"standard","meta":{"_uag_custom_page_level_css":"","_monsterinsights_skip_tracking":false,"_monsterinsights_sitenote_active":false,"_monsterinsights_sitenote_note":"","_monsterinsights_sitenote_category":0,"jetpack_post_was_ever_published":false,"_jetpack_newsletter_access":"","_jetpack_dont_email_post_to_subs":false,"_jetpack_newsletter_tier_id":0,"_jetpack_memberships_contains_paywalled_content":false,"_jetpack_memberships_contains_paid_content":false,"footnotes":"","jetpack_publicize_message":"","jetpack_publicize_feature_enabled":true,"jetpack_social_post_already_shared":true,"jetpack_social_options":{"image_generator_settings":{"template":"highway","default_image_id":0,"font":"","enabled":false},"version":2}},"categories":[203],"tags":[],"class_list":["post-9909","post","type-post","status-publish","format-standard","has-post-thumbnail","hentry","category-juazeiro"],"jetpack_publicize_connections":[],"jetpack_featured_media_url":"https:\/\/blogopara.com.br\/wp-content\/uploads\/2019\/06\/prefeitura-de-juazeiro2-533x300.jpg","uagb_featured_image_src":{"full":["https:\/\/blogopara.com.br\/wp-content\/uploads\/2019\/06\/prefeitura-de-juazeiro2-533x300.jpg",533,300,false],"thumbnail":["https:\/\/blogopara.com.br\/wp-content\/uploads\/2019\/06\/prefeitura-de-juazeiro2-533x300-150x150.jpg",150,150,true],"medium":["https:\/\/blogopara.com.br\/wp-content\/uploads\/2019\/06\/prefeitura-de-juazeiro2-533x300-300x169.jpg",300,169,true],"medium_large":["https:\/\/blogopara.com.br\/wp-content\/uploads\/2019\/06\/prefeitura-de-juazeiro2-533x300.jpg",533,300,false],"large":["https:\/\/blogopara.com.br\/wp-content\/uploads\/2019\/06\/prefeitura-de-juazeiro2-533x300.jpg",533,300,false],"1536x1536":["https:\/\/blogopara.com.br\/wp-content\/uploads\/2019\/06\/prefeitura-de-juazeiro2-533x300.jpg",533,300,false],"2048x2048":["https:\/\/blogopara.com.br\/wp-content\/uploads\/2019\/06\/prefeitura-de-juazeiro2-533x300.jpg",533,300,false],"mantranews-slider-large":["https:\/\/blogopara.com.br\/wp-content\/uploads\/2019\/06\/prefeitura-de-juazeiro2-533x300.jpg",533,300,false],"mantranews-featured-medium":["https:\/\/blogopara.com.br\/wp-content\/uploads\/2019\/06\/prefeitura-de-juazeiro2-533x300.jpg",420,236,false],"mantranews-featured-long":["https:\/\/blogopara.com.br\/wp-content\/uploads\/2019\/06\/prefeitura-de-juazeiro2-533x300.jpg",300,169,false],"mantranews-block-medium":["https:\/\/blogopara.com.br\/wp-content\/uploads\/2019\/06\/prefeitura-de-juazeiro2-533x300.jpg",464,261,false],"mantranews-carousel-image":["https:\/\/blogopara.com.br\/wp-content\/uploads\/2019\/06\/prefeitura-de-juazeiro2-533x300.jpg",533,300,false],"mantranews-block-thumb":["https:\/\/blogopara.com.br\/wp-content\/uploads\/2019\/06\/prefeitura-de-juazeiro2-533x300.jpg",322,181,false],"mantranews-single-large":["https:\/\/blogopara.com.br\/wp-content\/uploads\/2019\/06\/prefeitura-de-juazeiro2-533x300.jpg",533,300,false]},"uagb_author_info":{"display_name":"Reda\u00e7\u00e3o geral","author_link":"https:\/\/blogopara.com.br\/index.php\/author\/blogopara"},"uagb_comment_info":2,"uagb_excerpt":"A Secretaria de Gest\u00e3o de Pessoas de Juazeiro (SEGESP) divulgou no Di\u00e1rio Oficial desta quinta-feira (30\/04), o d\u00e9cimo quarto e o d\u00e9cimo quinto editais de convoca\u00e7\u00e3o do Concurso P\u00fablico n\u00ba 001\/2016, realizado pela Administra\u00e7\u00e3o Municipal para o provimento de cargos efetivos. Os editais convocam candidatos para os cargos de Psic\u00f3logo, Auxiliar T\u00e9cnico Administrativo, Auxiliar T\u00e9cnico&hellip;","jetpack_sharing_enabled":true,"jetpack_likes_enabled":true,"_links":{"self":[{"href":"https:\/\/blogopara.com.br\/index.php\/wp-json\/wp\/v2\/posts\/9909","targetHints":{"allow":["GET"]}}],"collection":[{"href":"https:\/\/blogopara.com.br\/index.php\/wp-json\/wp\/v2\/posts"}],"about":[{"href":"https:\/\/blogopara.com.br\/index.php\/wp-json\/wp\/v2\/types\/post"}],"author":[{"embeddable":true,"href":"https:\/\/blogopara.com.br\/index.php\/wp-json\/wp\/v2\/users\/1"}],"replies":[{"embeddable":true,"href":"https:\/\/blogopara.com.br\/index.php\/wp-json\/wp\/v2\/comments?post=9909"}],"version-history":[{"count":1,"href":"https:\/\/blogopara.com.br\/index.php\/wp-json\/wp\/v2\/posts\/9909\/revisions"}],"predecessor-version":[{"id":9910,"href":"https:\/\/blogopara.com.br\/index.php\/wp-json\/wp\/v2\/posts\/9909\/revisions\/9910"}],"wp:featuredmedia":[{"embeddable":true,"href":"https:\/\/blogopara.com.br\/index.php\/wp-json\/wp\/v2\/media\/797"}],"wp:attachment":[{"href":"https:\/\/blogopara.com.br\/index.php\/wp-json\/wp\/v2\/media?parent=9909"}],"wp:term":[{"taxonomy":"category","embeddable":true,"href":"https:\/\/blogopara.com.br\/index.php\/wp-json\/wp\/v2\/categories?post=9909"},{"taxonomy":"post_tag","embeddable":true,"href":"https:\/\/blogopara.com.br\/index.php\/wp-json\/wp\/v2\/tags?post=9909"}],"curies":[{"name":"wp","href":"https:\/\/api.w.org\/{rel}","templated":true}]}}