{"id":9929,"date":"2020-05-01T10:32:57","date_gmt":"2020-05-01T13:32:57","guid":{"rendered":"http:\/\/blogopara.com.br\/?p=9929"},"modified":"2020-05-01T15:08:31","modified_gmt":"2020-05-01T18:08:31","slug":"1o-de-maio-servidor-municipal-a-partir-de-hoje-paga-14-para-a-previdencia","status":"publish","type":"post","link":"https:\/\/blogopara.com.br\/index.php\/2020\/05\/01\/1o-de-maio-servidor-municipal-a-partir-de-hoje-paga-14-para-a-previdencia","title":{"rendered":"1\u00ba de Maio: Servidor municipal a partir de hoje paga 14% para a previd\u00eancia"},"content":{"rendered":"<p style=\"text-align: justify;\">No m\u00eas de janeiro deste ano, o prefeito Paulo Bomfim (PT) enviou a C\u00e2mara de Vereadores o projeto de Reforma da Previd\u00eancia dos Servidores P\u00fablicos, entre tantas maldades, estava o aumento da al\u00edquota da previd\u00eancia que vai de 11% para 14%.<\/p>\n<p style=\"text-align: justify;\">Ap\u00f3s aprova\u00e7\u00e3o, foram revistas, dentre outras coisas, as al\u00edquotas de descontos previdenci\u00e1rios de ativos (de 11% para 14%) e inativos (antes contribu\u00edam todos que ultrapassavam o teto. Agora contribuir\u00e3o os que ganham a partir de um sal\u00e1rio m\u00ednimo. A administra\u00e7\u00e3o passar\u00e1 a se responsabilizar por benef\u00edcios como sal\u00e1rio-fam\u00edlia, sal\u00e1rio-maternidade e aux\u00edlio-doen\u00e7a, dentre outros, antes de responsabilidade do IPJ.<\/p>\n<blockquote>\n<p style=\"text-align: justify;\"><span style=\"color: #ff0000;\">\u201cEste projeto aprovado pela C\u00e2mara foi uma aberra\u00e7\u00e3o. Esta lei \u00e9 ilegal, nula de pleno direito, e cada categoria de forma legal&nbsp;buscar\u00e1 anular esta lei atrav\u00e9s da justi\u00e7a. Esta lei passa valer a partir do dia 1\u00ba de maio &#8211; O dia do trabalhador \u2013 onde todos n\u00f3s estamos recebemos&nbsp;em pleno ano eleitoral este presente de grego\u201d, vereador Allan Jones.<\/span><\/p>\n<\/blockquote>\n<p style=\"text-align: justify;\">O projeto causou muita revolta nos servidores, o vereador Allan Jones (PSDB) ao tomar conhecimento do projeto mobilizou os sindicatos e a imprensa, mas n\u00e3o foi suficiente para sensibilizar o executivo municipal e alguns vereadores, que aprovaram a reforma da previd\u00eancia, sem nenhuma discuss\u00e3o pr\u00e9via, com n\u00f3s servidores efetivos.<\/p>\n<p style=\"text-align: justify;\">Al\u00e9m do aumento da al\u00edquota, a reforma tamb\u00e9m alterou alguns pontos prejudicaram os servidores e os seus dependentes, a saber:<\/p>\n<p style=\"text-align: justify;\">1) No artigo 29, Par\u00e1grafo 5\u00b0, a pens\u00e3o por morte ser\u00e1 equivalente a 50% da aposentadoria mais 10% por dependente;<\/p>\n<p style=\"text-align: justify;\">2) No artigo 29, Par\u00e1grafo 11, a pens\u00e3o por morte ser\u00e1 calculada tomando por base a sobrevida do dependente c\u00f4njuge ou companheiro;<\/p>\n<p style=\"text-align: justify;\">3) As nossas al\u00edquotas, a partir de maio, passar\u00e3o a ser de 14%, tanto para ativos, quanto para aposentados e pensionistas, Artigo 57, inciso I e II;<\/p>\n<p style=\"text-align: justify;\">4) O aux\u00edlio-doen\u00e7a e o sal\u00e1rio-maternidade equivaler\u00e3o a 86% do valor da \u00faltima remunera\u00e7\u00e3o do cargo efetivo, dentre outras altera\u00e7\u00f5es importantes.<\/p>\n<p style=\"text-align: justify;\">O vereador que \u00e9 tamb\u00e9m servidor p\u00fablico municipal, Allan Jones, disse que \u00e9 pela primeira vez em minha vida uma reforma administrativa ser colocada sem discuss\u00e3o. \u201cAgora quero saber que governo \u00e9 esse que se diz democrata, comunista e se comporta dessa maneira contra a classe trabalhadora. Este projeto veio de goela abaixo, sendo uma medida arbitr\u00e1ria, com os conselhos n\u00e3o sendo consultados afrontando o Estatuto do&nbsp;Instituto de Previd\u00eancia, sendo que esta lei \u00e9 pass\u00edvel de ser anulada na justi\u00e7a \u201c, argumentou o vereador.<\/p>\n<p style=\"text-align: justify;\">Para votar esse projeto foram convocados todos os 21 vereadores, somente 17 compareceram \u00e0 sess\u00e3o extraordin\u00e1ria, sendo que destes, seis votaram contra o Projeto do Executivo, entre eles: Ben\u00e9 Marques (PSDB), Allan Jones (PSDB), Tia C\u00e9lia (PTC), An\u00edbal Ara\u00fajo (PTC), Charles Leal (PDT) e Doming\u00e3o da Alian\u00e7a (PRTB). Quatro vereadores faltosos justificaram a aus\u00eancia.<\/p>\n","protected":false},"excerpt":{"rendered":"<p>Nesse 1\u00ba de Maio, o prefeito e alguns vereadores da base deram esse \u201cpresente\u201d aos trabalhadores p\u00fablico municipal.<\/p>\n","protected":false},"author":1,"featured_media":9960,"comment_status":"open","ping_status":"open","sticky":false,"template":"","format":"standard","meta":{"_uag_custom_page_level_css":"","_monsterinsights_skip_tracking":false,"_monsterinsights_sitenote_active":false,"_monsterinsights_sitenote_note":"","_monsterinsights_sitenote_category":0,"jetpack_post_was_ever_published":false,"_jetpack_newsletter_access":"","_jetpack_dont_email_post_to_subs":false,"_jetpack_newsletter_tier_id":0,"_jetpack_memberships_contains_paywalled_content":false,"_jetpack_memberships_contains_paid_content":false,"footnotes":"","jetpack_publicize_message":"","jetpack_publicize_feature_enabled":true,"jetpack_social_post_already_shared":true,"jetpack_social_options":{"image_generator_settings":{"template":"highway","default_image_id":0,"font":"","enabled":false},"version":2}},"categories":[203,197,204],"tags":[],"class_list":["post-9929","post","type-post","status-publish","format-standard","has-post-thumbnail","hentry","category-juazeiro","category-politica","category-social"],"jetpack_publicize_connections":[],"jetpack_featured_media_url":"https:\/\/blogopara.com.br\/wp-content\/uploads\/2020\/05\/Boas-Festas-Que-o-Natal-seja-festejado-em-paz-e-harmonia-e-o-Ano-Novo-recebido-com-muita-alegria.-Feliz-2020-12-2.jpg","uagb_featured_image_src":{"full":["https:\/\/blogopara.com.br\/wp-content\/uploads\/2020\/05\/Boas-Festas-Que-o-Natal-seja-festejado-em-paz-e-harmonia-e-o-Ano-Novo-recebido-com-muita-alegria.-Feliz-2020-12-2.jpg",300,212,false],"thumbnail":["https:\/\/blogopara.com.br\/wp-content\/uploads\/2020\/05\/Boas-Festas-Que-o-Natal-seja-festejado-em-paz-e-harmonia-e-o-Ano-Novo-recebido-com-muita-alegria.-Feliz-2020-12-2-150x150.jpg",150,150,true],"medium":["https:\/\/blogopara.com.br\/wp-content\/uploads\/2020\/05\/Boas-Festas-Que-o-Natal-seja-festejado-em-paz-e-harmonia-e-o-Ano-Novo-recebido-com-muita-alegria.-Feliz-2020-12-2.jpg",300,212,false],"medium_large":["https:\/\/blogopara.com.br\/wp-content\/uploads\/2020\/05\/Boas-Festas-Que-o-Natal-seja-festejado-em-paz-e-harmonia-e-o-Ano-Novo-recebido-com-muita-alegria.-Feliz-2020-12-2.jpg",300,212,false],"large":["https:\/\/blogopara.com.br\/wp-content\/uploads\/2020\/05\/Boas-Festas-Que-o-Natal-seja-festejado-em-paz-e-harmonia-e-o-Ano-Novo-recebido-com-muita-alegria.-Feliz-2020-12-2.jpg",300,212,false],"1536x1536":["https:\/\/blogopara.com.br\/wp-content\/uploads\/2020\/05\/Boas-Festas-Que-o-Natal-seja-festejado-em-paz-e-harmonia-e-o-Ano-Novo-recebido-com-muita-alegria.-Feliz-2020-12-2.jpg",300,212,false],"2048x2048":["https:\/\/blogopara.com.br\/wp-content\/uploads\/2020\/05\/Boas-Festas-Que-o-Natal-seja-festejado-em-paz-e-harmonia-e-o-Ano-Novo-recebido-com-muita-alegria.-Feliz-2020-12-2.jpg",300,212,false],"mantranews-slider-large":["https:\/\/blogopara.com.br\/wp-content\/uploads\/2020\/05\/Boas-Festas-Que-o-Natal-seja-festejado-em-paz-e-harmonia-e-o-Ano-Novo-recebido-com-muita-alegria.-Feliz-2020-12-2.jpg",300,212,false],"mantranews-featured-medium":["https:\/\/blogopara.com.br\/wp-content\/uploads\/2020\/05\/Boas-Festas-Que-o-Natal-seja-festejado-em-paz-e-harmonia-e-o-Ano-Novo-recebido-com-muita-alegria.-Feliz-2020-12-2.jpg",300,212,false],"mantranews-featured-long":["https:\/\/blogopara.com.br\/wp-content\/uploads\/2020\/05\/Boas-Festas-Que-o-Natal-seja-festejado-em-paz-e-harmonia-e-o-Ano-Novo-recebido-com-muita-alegria.-Feliz-2020-12-2.jpg",300,212,false],"mantranews-block-medium":["https:\/\/blogopara.com.br\/wp-content\/uploads\/2020\/05\/Boas-Festas-Que-o-Natal-seja-festejado-em-paz-e-harmonia-e-o-Ano-Novo-recebido-com-muita-alegria.-Feliz-2020-12-2.jpg",300,212,false],"mantranews-carousel-image":["https:\/\/blogopara.com.br\/wp-content\/uploads\/2020\/05\/Boas-Festas-Que-o-Natal-seja-festejado-em-paz-e-harmonia-e-o-Ano-Novo-recebido-com-muita-alegria.-Feliz-2020-12-2.jpg",300,212,false],"mantranews-block-thumb":["https:\/\/blogopara.com.br\/wp-content\/uploads\/2020\/05\/Boas-Festas-Que-o-Natal-seja-festejado-em-paz-e-harmonia-e-o-Ano-Novo-recebido-com-muita-alegria.-Feliz-2020-12-2.jpg",300,212,false],"mantranews-single-large":["https:\/\/blogopara.com.br\/wp-content\/uploads\/2020\/05\/Boas-Festas-Que-o-Natal-seja-festejado-em-paz-e-harmonia-e-o-Ano-Novo-recebido-com-muita-alegria.-Feliz-2020-12-2.jpg",300,212,false]},"uagb_author_info":{"display_name":"Reda\u00e7\u00e3o geral","author_link":"https:\/\/blogopara.com.br\/index.php\/author\/blogopara"},"uagb_comment_info":0,"uagb_excerpt":"Nesse 1\u00ba de Maio, o prefeito e alguns vereadores da base deram esse \u201cpresente\u201d aos trabalhadores p\u00fablico municipal.","jetpack_sharing_enabled":true,"jetpack_likes_enabled":true,"_links":{"self":[{"href":"https:\/\/blogopara.com.br\/index.php\/wp-json\/wp\/v2\/posts\/9929","targetHints":{"allow":["GET"]}}],"collection":[{"href":"https:\/\/blogopara.com.br\/index.php\/wp-json\/wp\/v2\/posts"}],"about":[{"href":"https:\/\/blogopara.com.br\/index.php\/wp-json\/wp\/v2\/types\/post"}],"author":[{"embeddable":true,"href":"https:\/\/blogopara.com.br\/index.php\/wp-json\/wp\/v2\/users\/1"}],"replies":[{"embeddable":true,"href":"https:\/\/blogopara.com.br\/index.php\/wp-json\/wp\/v2\/comments?post=9929"}],"version-history":[{"count":6,"href":"https:\/\/blogopara.com.br\/index.php\/wp-json\/wp\/v2\/posts\/9929\/revisions"}],"predecessor-version":[{"id":9959,"href":"https:\/\/blogopara.com.br\/index.php\/wp-json\/wp\/v2\/posts\/9929\/revisions\/9959"}],"wp:featuredmedia":[{"embeddable":true,"href":"https:\/\/blogopara.com.br\/index.php\/wp-json\/wp\/v2\/media\/9960"}],"wp:attachment":[{"href":"https:\/\/blogopara.com.br\/index.php\/wp-json\/wp\/v2\/media?parent=9929"}],"wp:term":[{"taxonomy":"category","embeddable":true,"href":"https:\/\/blogopara.com.br\/index.php\/wp-json\/wp\/v2\/categories?post=9929"},{"taxonomy":"post_tag","embeddable":true,"href":"https:\/\/blogopara.com.br\/index.php\/wp-json\/wp\/v2\/tags?post=9929"}],"curies":[{"name":"wp","href":"https:\/\/api.w.org\/{rel}","templated":true}]}}