{"id":5866,"count":1,"description":"","link":"https:\/\/blogopara.com.br\/index.php\/tag\/comunicacao-empresarial-e-oratoria","name":"&quot;Comunica\u00e7\u00e3o Empresarial e Orat\u00f3ria&quot;","slug":"comunicacao-empresarial-e-oratoria","taxonomy":"post_tag","meta":[],"_links":{"self":[{"href":"https:\/\/blogopara.com.br\/index.php\/wp-json\/wp\/v2\/tags\/5866","targetHints":{"allow":["GET"]}}],"collection":[{"href":"https:\/\/blogopara.com.br\/index.php\/wp-json\/wp\/v2\/tags"}],"about":[{"href":"https:\/\/blogopara.com.br\/index.php\/wp-json\/wp\/v2\/taxonomies\/post_tag"}],"wp:post_type":[{"href":"https:\/\/blogopara.com.br\/index.php\/wp-json\/wp\/v2\/posts?tags=5866"}],"curies":[{"name":"wp","href":"https:\/\/api.w.org\/{rel}","templated":true}]}}